{"id":5460,"date":"2013-06-15T07:04:42","date_gmt":"2013-06-15T07:04:42","guid":{"rendered":"http:\/\/antaiji.org\/?p=5460"},"modified":"2013-07-14T01:15:18","modified_gmt":"2013-07-14T01:15:18","slug":"%ef%bc%92%ef%bc%90%ef%bc%91%ef%bc%93%e5%b9%b4%ef%bc%96%e6%9c%88-%e3%82%b5%e3%82%a4%e3%83%88%e6%9b%b4%e6%96%b0%e6%83%85%e5%a0%b1","status":"publish","type":"post","link":"https:\/\/antaiji.org\/de\/%ef%bc%92%ef%bc%90%ef%bc%91%ef%bc%93%e5%b9%b4%ef%bc%96%e6%9c%88-%e3%82%b5%e3%82%a4%e3%83%88%e6%9b%b4%e6%96%b0%e6%83%85%e5%a0%b1\/","title":{"rendered":"Juni und Juli 2013"},"content":{"rendered":"<p>Den Mai \u00fcber war es in Antaiji sehr sonnig und sommerlich warm. Mit fast 20 Leuten ging es beim Auspflanzen der Reissch\u00f6sslinge dieses Jahr sehr z\u00fcgig voran, und nun sind wir damit besch\u00e4ftigt, den heranwachsenden Reis vom Unkraut und Ungeziefer zu befreien. In den Gem\u00fcsefeldern wurden die japanischen Satoimo und S\u00fc\u00dfkartoffeln gepflanzt, und im Gew\u00e4chshaus werden die Tomaten und Gurken langsam gr\u00f6\u00dfer. In den n\u00e4chsten Wochen werden wir uns au\u00dferdem um die Paprikas und Auberginen k\u00fcmmern, Azukibohnen auspflanzen, Unkraut j\u00e4hten, Gras m\u00e4hen und kompostieren. Da wir uns jedoch seit Ende Mai in der Regenzeit befinden, die circa sechs Wochen andauern wird, findet solche Arbeit oft auch im Gummimantel statt. Paralell dazu arbeiten wir auch am Zengarten weiter (wo in K\u00fcrze die Hortensien bl\u00fchen werden), versch\u00f6nern auch den neuen Kr\u00e4utergarten, f\u00e4llen B\u00e4ume und hacken Holz. An allzu heftigen Regentagen arbeiten wir an einer neuen Version der Homepage, die bald online sein sollte, oder Reparieren Werkzeug. Im Juni ist au\u00dferdem die Erntezeit der Ume (eine Art japanischer Mirabellen), die in Salz eingelgt zu Umeboshi verarbeitet werden.<\/p>\n<h4>Soto Zen in Dorsten<\/h4>\n<p><a href=\"http:\/\/www.sotozen.de\/\">Thomas Shinry\u00fb Hortlik bietet wieder Zazen an.<\/a> Ab Mai 2013 gelten folgende Zeiten: Montags 19 Uhr 30 mit 2 x 35 min Zazen\/Kinhin<\/p>\n<h4>Erleuchtung im TV<\/h4>\n<p>Am 6. Juni wird es um 19:30 bei Arte eine Sendung mit dem Titel <a href=\"http:\/\/www.arte.tv\/de\/acc\/244,em=047068-000.html\">Zen G\u00e4rten &#8211; Erleuchtung in Stein<\/a> zu sehen (Wiederholung am 13.6. um 10:50 und am 27.6. um 15:50).<br \/>\n&#8222;Die Dokumentation ist eine Reise durch die jahrhundertealten Zen-G\u00e4rten Kyotos und f\u00fchrt zu einem abgeschiedenen Zen-Kloster im Gebirge&#8220;, heisst es in der Programmbeschreibung. Mit letzterem ist wahrscheinlich unser Kloster gemeint. Allerdings lag Mitte April letzten Jahres, als die Aufnahmen gemacht wurden, unser Zen-Garten noch unter dem Schnee begraben. Daf\u00fcr wird der Abt Muho vermutlich mit einem blauen Auge zu bewundern sein.<\/p>\n<p>Der Antaiji-Teil bei Youtube:<br \/>\n<div style=\"max-width:600px;max-height:350px;\"><div class=\"video-shortcode\"><iframe loading=\"lazy\" title=\"YouTube video player\" width=\"600\" height=\"350\" src=\"http:\/\/www.youtube.com\/embed\/-4vSCGFCFSA?wmode=transparent\" frameborder=\"0\" allowfullscreen><\/iframe><\/div><\/div>\n<p><b>Sesshins Juli\/August 2013 in D und A<\/b><br \/>\nMuho wird im Sommer wieder in Europa sein, dieses Mal allerdings leider nur f\u00fcr gute zwei Wochen. Davon eine volle Woche, vom 23. bis 30. Juli, im <a href=\"http:\/\/www.eisenbuch.de\/\">Zen-Zentrum Eisenbuch<\/a> bei Alt\u00f6tting, und danach f\u00fcr sechs Tage, vom 2. bis zum 8. August, im <a href=\"http:\/\/www.bzs.at\/\">Buddhistischen Zentrum Scheibbs<\/a> in \u00d6sterreich sein. Beide Sesshins orientieren sich am Tagesablauf eines Sesshins in Antaiji, unterscheiden sich aber geringf\u00fcgig: In Eisenbuch wird es 12 mal 45 Minuten Zazen geben und nur zwei Mahlzeiten, in Scheibbs werden es 16 mal 35 Minuten Zazen und drei Mahlzeiten sein. Beide Zentren liegen in wundersch\u00f6ner, ruhiger Umgebung. Genaue Informationen \u00fcber den Tagesplan, Kosten und Anmeldungen gibt es hier: <a href=\"http:\/\/antaiji.dogen-zen.de\/deu\/eisenbuch.shtml\">Info zum Sesshin in Eisenbuch<\/a> \/ <a href=\"http:\/\/antaiji.dogen-zen.de\/deu\/scheibbs.shtml\">Info zum Sesshin in Scheibbs<\/a><\/p>","protected":false},"excerpt":{"rendered":"<p>Den Mai \u00fcber war es in Antaiji sehr sonnig und sommerlich warm. Mit fast 20 Leuten ging es beim Auspflanzen der Reissch\u00f6sslinge dieses Jahr sehr z\u00fcgig voran, und nun sind wir damit besch\u00e4ftigt, den heranwachsenden Reis vom Unkraut und Ungeziefer zu befreien. In den Gem\u00fcsefeldern wurden die japanischen Satoimo und S\u00fc\u00dfkartoffeln gepflanzt, und im Gew\u00e4chshaus werden die Tomaten und Gurken langsam gr\u00f6\u00dfer. In den n\u00e4chsten Wochen werden wir uns au\u00dferdem um die Paprikas und Auberginen k\u00fcmmern, Azukibohnen auspflanzen, Unkraut j\u00e4hten, Gras m\u00e4hen und kompostieren. Da wir uns jedoch seit Ende Mai in der Regenzeit befinden, die circa sechs Wochen andauern wird, findet solche Arbeit oft auch im Gummimantel statt. Paralell dazu arbeiten wir auch am Zengarten weiter (wo in K\u00fcrze die Hortensien bl\u00fchen werden), versch\u00f6nern auch den neuen Kr\u00e4utergarten, f\u00e4llen B\u00e4ume und hacken Holz. An allzu heftigen Regentagen arbeiten wir an einer neuen Version der Homepage, die bald online sein sollte, oder Reparieren Werkzeug. Im Juni ist au\u00dferdem die Erntezeit der Ume (eine Art japanischer Mirabellen), die in Salz eingelgt zu Umeboshi verarbeitet werden. Soto Zen in Dorsten Thomas Shinry\u00fb Hortlik bietet wieder Zazen an. Ab Mai 2013 gelten folgende Zeiten: Montags 19 Uhr 30 mit 2 x 35 min Zazen\/Kinhin Erleuchtung im TV Am 6. Juni wird es um 19:30 bei Arte eine Sendung mit dem Titel Zen G\u00e4rten &#8211; Erleuchtung in Stein zu sehen (Wiederholung am 13.6. um 10:50 und am 27.6. um 15:50). &#8222;Die Dokumentation ist eine Reise durch die jahrhundertealten Zen-G\u00e4rten Kyotos und f\u00fchrt zu einem abgeschiedenen Zen-Kloster im Gebirge&#8220;, heisst es in der Programmbeschreibung. Mit letzterem ist wahrscheinlich unser Kloster gemeint. Allerdings lag Mitte April letzten Jahres, als die Aufnahmen gemacht wurden, unser Zen-Garten noch unter dem Schnee begraben. Daf\u00fcr [&hellip;]<\/p>\n","protected":false},"author":1,"featured_media":0,"comment_status":"closed","ping_status":"closed","sticky":false,"template":"","format":"standard","meta":{"ngg_post_thumbnail":0,"footnotes":""},"categories":[29,78],"tags":[],"class_list":["post-5460","post","type-post","status-publish","format-standard","hentry","category-blog","category-video"],"_links":{"self":[{"href":"https:\/\/antaiji.org\/de\/wp-json\/wp\/v2\/posts\/5460","targetHints":{"allow":["GET"]}}],"collection":[{"href":"https:\/\/antaiji.org\/de\/wp-json\/wp\/v2\/posts"}],"about":[{"href":"https:\/\/antaiji.org\/de\/wp-json\/wp\/v2\/types\/post"}],"author":[{"embeddable":true,"href":"https:\/\/antaiji.org\/de\/wp-json\/wp\/v2\/users\/1"}],"replies":[{"embeddable":true,"href":"https:\/\/antaiji.org\/de\/wp-json\/wp\/v2\/comments?post=5460"}],"version-history":[{"count":24,"href":"https:\/\/antaiji.org\/de\/wp-json\/wp\/v2\/posts\/5460\/revisions"}],"predecessor-version":[{"id":5462,"href":"https:\/\/antaiji.org\/de\/wp-json\/wp\/v2\/posts\/5460\/revisions\/5462"}],"wp:attachment":[{"href":"https:\/\/antaiji.org\/de\/wp-json\/wp\/v2\/media?parent=5460"}],"wp:term":[{"taxonomy":"category","embeddable":true,"href":"https:\/\/antaiji.org\/de\/wp-json\/wp\/v2\/categories?post=5460"},{"taxonomy":"post_tag","embeddable":true,"href":"https:\/\/antaiji.org\/de\/wp-json\/wp\/v2\/tags?post=5460"}],"curies":[{"name":"wp","href":"https:\/\/api.w.org\/{rel}","templated":true}]}}